{"id":265,"date":"2018-09-25T08:19:15","date_gmt":"2018-09-25T06:19:15","guid":{"rendered":"http:\/\/artyci.com\/new\/?p=265"},"modified":"2018-11-11T21:46:30","modified_gmt":"2018-11-11T20:46:30","slug":"stred-tela-taoisticka-vize-energie-a-dechu","status":"publish","type":"post","link":"http:\/\/artyci.com\/en\/stred-tela-taoisticka-vize-energie-a-dechu\/","title":{"rendered":"(Sloven\u010dina) St\u0159ed t\u011bla &#8211; taoistick\u00e1 vize energie a dechu"},"content":{"rendered":"<p class=\"qtranxs-available-languages-message qtranxs-available-languages-message-en\">Sorry, this entry is only available in <a href=\"http:\/\/artyci.com\/sk\/wp-json\/wp\/v2\/posts\/265\" class=\"qtranxs-available-language-link qtranxs-available-language-link-sk\" title=\"Sloven\u010dina\">Sloven\u010dina<\/a>.<\/p>","protected":false},"excerpt":{"rendered":"<p>Sorry, this entry is only available in Sloven\u010dina.<\/p>\n","protected":false},"author":2,"featured_media":1924,"comment_status":"closed","ping_status":"closed","sticky":false,"template":"","format":"standard","meta":{"footnotes":""},"categories":[7,14,19],"tags":[],"class_list":["post-265","post","type-post","status-publish","format-standard","has-post-thumbnail","hentry","category-blog","category-o-tanci-filozoficky","category-taoizmus"],"_links":{"self":[{"href":"http:\/\/artyci.com\/en\/wp-json\/wp\/v2\/posts\/265","targetHints":{"allow":["GET"]}}],"collection":[{"href":"http:\/\/artyci.com\/en\/wp-json\/wp\/v2\/posts"}],"about":[{"href":"http:\/\/artyci.com\/en\/wp-json\/wp\/v2\/types\/post"}],"author":[{"embeddable":true,"href":"http:\/\/artyci.com\/en\/wp-json\/wp\/v2\/users\/2"}],"replies":[{"embeddable":true,"href":"http:\/\/artyci.com\/en\/wp-json\/wp\/v2\/comments?post=265"}],"version-history":[{"count":0,"href":"http:\/\/artyci.com\/en\/wp-json\/wp\/v2\/posts\/265\/revisions"}],"wp:featuredmedia":[{"embeddable":true,"href":"http:\/\/artyci.com\/en\/wp-json\/wp\/v2\/media\/1924"}],"wp:attachment":[{"href":"http:\/\/artyci.com\/en\/wp-json\/wp\/v2\/media?parent=265"}],"wp:term":[{"taxonomy":"category","embeddable":true,"href":"http:\/\/artyci.com\/en\/wp-json\/wp\/v2\/categories?post=265"},{"taxonomy":"post_tag","embeddable":true,"href":"http:\/\/artyci.com\/en\/wp-json\/wp\/v2\/tags?post=265"}],"curies":[{"name":"wp","href":"https:\/\/api.w.org\/{rel}","templated":true}]}}